{"id":1883,"date":"2022-07-12T13:48:10","date_gmt":"2022-07-12T11:48:10","guid":{"rendered":"https:\/\/www.apras.org\/?p=1883"},"modified":"2022-08-18T13:45:57","modified_gmt":"2022-08-18T11:45:57","slug":"stands-information-sortir-cet-ete-a-rennes","status":"publish","type":"post","link":"https:\/\/www.apras.org\/en\/stands-information-sortir-cet-ete-a-rennes\/","title":{"rendered":"Retrouvez des stands d&#8217;information Sortir ! cet \u00e9t\u00e9 !"},"content":{"rendered":"\n<h3 class=\"wp-block-heading\"><\/h3>\n\n\n\n<p>Retrouvez des stands d&#8217;information sur de nombreux temps forts de&nbsp;<strong>Cet \u00e9t\u00e9 \u00e0 Rennes&nbsp;<\/strong>afin de favoriser l&#8217;\u00e9change et la d\u00e9couverte&nbsp;du dispositif&nbsp;<strong><em>Sortir !&nbsp;<\/em><\/strong><\/p>\n\n\n\n<p><strong>Vous pouvez nous retrouver en Juillet* :<\/strong><\/p>\n\n\n\n<ul class=\"wp-block-list\"><li>Baud-Chardonnet &#8211;&nbsp;Plages de Baud :&nbsp;<strong>Vendredi 8 Juillet &#8211; 14h \u00e0 20h<\/strong><\/li><li>Colombier &#8211;&nbsp;Au Square du Pr\u00e9 Perch\u00e9 :&nbsp;<strong>Mardi 12 Juillet &#8211; 15h \u00e0 21h<\/strong><\/li><li>Blosne &#8211; Rallye O&#8217;Barbecue :&nbsp;<strong>Mercredi 13 Juillet &#8211; 18h \u00e0 20h<\/strong><\/li><li>Villejean &#8211;&nbsp;Square de Guyenne&nbsp;\/&nbsp;Caravane du Sport&nbsp;:&nbsp;<strong>Mardi 19 Juillet \u2013 16h \u00e0 19h<\/strong>&nbsp;\/&nbsp;<strong>Annul\u00e9 en raison de la vague de chaleur<\/strong><\/li><li>Beauregard &#8211; Au niveau du cadran&nbsp;\/&nbsp;Caravane du Sport&nbsp;:&nbsp;<strong>Jeudi 21 Juillet&nbsp;\u2013<\/strong>&nbsp;<strong>15h \u00e0 18h<\/strong><\/li><li>Beauregard &#8211; Concert &#8220;Transat&nbsp;en ville&#8221; apr\u00e8s la Caravane du&nbsp;Sport&nbsp;<strong>Jeudi<\/strong>&nbsp;<strong>21 Juillet<\/strong><\/li><li>Maurepas &#8211;&nbsp;Motte Br\u00fblon,&nbsp;au niveau du radis \/&nbsp;Caravane du Sport&nbsp;:&nbsp;<strong>Vendredi 22 Juillet \u2013 18h \u00e0 21h<\/strong><\/li><li>Maurepas &#8211; Motte Br\u00fblon, Cin\u00e9 plein-air&nbsp;apr\u00e8s la Caravane du sport&nbsp;:&nbsp;<strong>Vendredi 22 Juillet<\/strong><\/li><li>Le Blosne &#8211;&nbsp;Espace Alain Savary&nbsp;\/&nbsp;Caravane du Sport&nbsp;:&nbsp;<strong>Lundi 25 Juillet &#8211; 17h \u00e0 20h<\/strong><\/li><li>Tour d&#8217;Auvergne &#8211; \u00c9v\u00e8nement Rue du sport au Skate Park Arsenal :&nbsp;<strong>Mardi 26 Juillet &#8211;&nbsp;14h \u00e0 17h<\/strong><\/li><li>Maurepas &#8211; Agora aux familles au Centre Social :&nbsp;<strong>Mercredi 27 Juillet<\/strong><\/li><li>Villejean Beauregard &#8211; Concert &#8220;Transat en ville&#8221; et projection cin\u00e9 plein-air au Parc du Berry :&nbsp;<strong>Jeudi 28 Juillet &#8211; 19h \u00e0&nbsp;22h30<\/strong><\/li><li>Br\u00e9quigny &#8211; Parc de Br\u00e9quigny \/ Caravane du Sport :&nbsp;<strong>Vendredi 29 Juillet \u2013 16h \u00e0 19h<\/strong><\/li><li>Br\u00e9quigny &#8211; Parc de Br\u00e9quigny, Cin\u00e9 plein-air apr\u00e8s la Caravane du sport :<strong>&nbsp;Vendredi 29 Juillet<\/strong><\/li><\/ul>\n\n\n\n<p><strong>Mais aussi au mois d&#8217;Ao\u00fbt* :<\/strong><\/p>\n\n\n\n<ul class=\"wp-block-list\"><li>Village sportif au parc des Hautes Ourmes :\u00a0<strong>Jeudi 4 Ao\u00fbt\u00a0<\/strong><\/li><li>Concert &#8220;Transat en ville&#8221;\u00a0au parc des Hautes Ourmes :<strong>\u00a0Jeudi 4 Ao\u00fbt &#8211; 19h \u00e0 21h<\/strong><\/li><li>Concert &#8220;Transat en ville&#8221; \u00e0 la Place de la Mairie :\u00a0<strong>Samedi 6 Ao\u00fbt \u00a0&#8211;\u00a017h \u00e0 21h<\/strong><\/li><li>Concert &#8220;Transat en ville&#8221; au stade de la Courrouze :\u00a0<strong>Jeudi 11 Ao\u00fbt &#8211;\u00a019h \u00e0 21h<\/strong><\/li><li>Concert\u00a0&#8220;Transat en ville&#8221;\u00a0\u00e0 la\u00a0Place de la Mairie :\u00a0<strong>Vendredi\u00a019 Ao\u00fbt &#8211; 15h30 \u00e0 19h<\/strong><\/li><li>Apr\u00e8s-midi festif sur la Dalle du Colombier :\u00a0<strong>Mardi 23 Ao\u00fbt &#8211; 15h \u00e0 19h<\/strong><\/li><li>Un \u00e9t\u00e9 ensemble aux Gayeulles &#8211; Place Aubrac :\u00a0<strong>Mercredi 24\u00a0Ao\u00fbt\u00a0<\/strong><\/li><li>F\u00eate du square Arthur Fontaine (vers le Cimeti\u00e8re de l\u2019Est) :<strong>\u00a0Jeudi 25 Ao\u00fbt\u00a0&#8211;\u00a017h \u00e0 20h<\/strong><\/li><li>Soir\u00e9e de cl\u00f4ture d\u2019Un \u00e9t\u00e9 \u00e0 Beauregard :\u00a0<strong>Vendredi 26 Ao\u00fbt\u00a0&#8211; 18h30 \u00e0 21h30<\/strong><\/li><li>SuperBoum \u00e0\u00a0Br\u00e9quigny\u00a0:\u00a0<strong>Vendredi\u00a026\u00a0Ao\u00fbt<\/strong><\/li><li>La f\u00eate de Fernand Jacq &#8211;\u00a0<strong>Samedi 27 Ao\u00fbt<\/strong><\/li><\/ul>\n\n\n\n<p><strong>Et en Septembre&#8230;&nbsp;<\/strong><\/p>\n\n\n\n<ul class=\"wp-block-list\"><li>Forum Festif &#8211;&nbsp;<strong>Dimanche 4 Septembre<\/strong><\/li><\/ul>\n\n\n\n<p><\/p>\n\n\n\n<p><strong>Nous vous y attendons nombreux\u00b7ses !<\/strong><\/p>\n\n\n\n<p>Pour suivre l&#8217;actualit\u00e9 en temps r\u00e9el, rendez-vous sur la page Facebook du dispositif en&nbsp;<a href=\"https:\/\/www.facebook.com\/Carte-Sortir-Rennes-Metropole-202194930539951\"><strong>cliquant&nbsp;ici.<\/strong><\/a><\/p>\n\n\n\n<p><\/p>\n\n\n\n<p style=\"font-size:15px\"><em>*De nouvelles dates vont \u00eatre ajout\u00e9es \u00e0 cette page  <\/em><\/p>\n","protected":false},"excerpt":{"rendered":"<p>Retrouvez des stands d&#8217;information sur de nombreux temps forts de&nbsp;Cet \u00e9t\u00e9 \u00e0 Rennes&nbsp;afin de favoriser l&#8217;\u00e9change et la d\u00e9couverte&nbsp;du dispositif&nbsp;Sortir !&nbsp; Vous pouvez nous retrouver en Juillet* : Baud-Chardonnet &#8211;&nbsp;Plages de Baud :&nbsp;Vendredi 8 Juillet &#8211; 14h \u00e0 20h Colombier &#8211;&nbsp;Au Square du Pr\u00e9 Perch\u00e9 :&nbsp;Mardi 12 Juillet &#8211; 15h \u00e0 21h Blosne &#8211; Rallye [&hellip;]<\/p>\n","protected":false},"author":2,"featured_media":1891,"comment_status":"closed","ping_status":"closed","sticky":false,"template":"","format":"standard","meta":{"_acf_changed":false,"footnotes":""},"categories":[1],"tags":[],"class_list":["post-1883","post","type-post","status-publish","format-standard","has-post-thumbnail","hentry","category-non-classifiee"],"acf":[],"yoast_head":"<!-- This site is optimized with the Yoast SEO plugin v27.3 - https:\/\/yoast.com\/product\/yoast-seo-wordpress\/ -->\n<title>Retrouvez des stands d&#039;information Sortir ! cet \u00e9t\u00e9 ! - APRAS<\/title>\n<meta name=\"robots\" content=\"index, follow, max-snippet:-1, max-image-preview:large, max-video-preview:-1\" \/>\n<link rel=\"canonical\" href=\"https:\/\/www.apras.org\/stands-information-sortir-cet-ete-a-rennes\/\" \/>\n<meta property=\"og:locale\" content=\"en_US\" \/>\n<meta property=\"og:type\" content=\"article\" \/>\n<meta property=\"og:title\" content=\"Retrouvez des stands d&#039;information Sortir ! cet \u00e9t\u00e9 ! - APRAS\" \/>\n<meta property=\"og:description\" content=\"Retrouvez des stands d&#8217;information sur de nombreux temps forts de&nbsp;Cet \u00e9t\u00e9 \u00e0 Rennes&nbsp;afin de favoriser l&#8217;\u00e9change et la d\u00e9couverte&nbsp;du dispositif&nbsp;Sortir !&nbsp; Vous pouvez nous retrouver en Juillet* : Baud-Chardonnet &#8211;&nbsp;Plages de Baud :&nbsp;Vendredi 8 Juillet &#8211; 14h \u00e0 20h Colombier &#8211;&nbsp;Au Square du Pr\u00e9 Perch\u00e9 :&nbsp;Mardi 12 Juillet &#8211; 15h \u00e0 21h Blosne &#8211; Rallye [&hellip;]\" \/>\n<meta property=\"og:url\" content=\"https:\/\/www.apras.org\/stands-information-sortir-cet-ete-a-rennes\/\" \/>\n<meta property=\"og:site_name\" content=\"APRAS\" \/>\n<meta property=\"article:published_time\" content=\"2022-07-12T11:48:10+00:00\" \/>\n<meta property=\"article:modified_time\" content=\"2022-08-18T11:45:57+00:00\" \/>\n<meta property=\"og:image\" content=\"https:\/\/www.apras.org\/wp-content\/uploads\/2022\/07\/carroussel-sortir_cet_ete_a_rennes_sortir_site_apras-1.png\" \/>\n\t<meta property=\"og:image:width\" content=\"5528\" \/>\n\t<meta property=\"og:image:height\" content=\"3024\" \/>\n\t<meta property=\"og:image:type\" content=\"image\/png\" \/>\n<meta name=\"author\" content=\"Anne-Gaelle\" \/>\n<meta name=\"twitter:card\" content=\"summary_large_image\" \/>\n<meta name=\"twitter:label1\" content=\"Written by\" \/>\n\t<meta name=\"twitter:data1\" content=\"Anne-Gaelle\" \/>\n\t<meta name=\"twitter:label2\" content=\"Est. reading time\" \/>\n\t<meta name=\"twitter:data2\" content=\"3 minutes\" \/>\n<script type=\"application\/ld+json\" class=\"yoast-schema-graph\">{\"@context\":\"https:\\\/\\\/schema.org\",\"@graph\":[{\"@type\":\"Article\",\"@id\":\"https:\\\/\\\/www.apras.org\\\/stands-information-sortir-cet-ete-a-rennes\\\/#article\",\"isPartOf\":{\"@id\":\"https:\\\/\\\/www.apras.org\\\/stands-information-sortir-cet-ete-a-rennes\\\/\"},\"author\":{\"name\":\"Anne-Gaelle\",\"@id\":\"https:\\\/\\\/www.apras.org\\\/#\\\/schema\\\/person\\\/158ae8c60528a517e3b63eed972b92d3\"},\"headline\":\"Retrouvez des stands d&#8217;information Sortir ! cet \u00e9t\u00e9 !\",\"datePublished\":\"2022-07-12T11:48:10+00:00\",\"dateModified\":\"2022-08-18T11:45:57+00:00\",\"mainEntityOfPage\":{\"@id\":\"https:\\\/\\\/www.apras.org\\\/stands-information-sortir-cet-ete-a-rennes\\\/\"},\"wordCount\":487,\"publisher\":{\"@id\":\"https:\\\/\\\/www.apras.org\\\/#organization\"},\"image\":{\"@id\":\"https:\\\/\\\/www.apras.org\\\/stands-information-sortir-cet-ete-a-rennes\\\/#primaryimage\"},\"thumbnailUrl\":\"https:\\\/\\\/www.apras.org\\\/wp-content\\\/uploads\\\/2022\\\/07\\\/carroussel-sortir_cet_ete_a_rennes_sortir_site_apras-1.png\",\"articleSection\":[\"Non classifi\u00e9(e)\"],\"inLanguage\":\"en-US\"},{\"@type\":\"WebPage\",\"@id\":\"https:\\\/\\\/www.apras.org\\\/stands-information-sortir-cet-ete-a-rennes\\\/\",\"url\":\"https:\\\/\\\/www.apras.org\\\/stands-information-sortir-cet-ete-a-rennes\\\/\",\"name\":\"Retrouvez des stands d'information Sortir ! cet \u00e9t\u00e9 ! - APRAS\",\"isPartOf\":{\"@id\":\"https:\\\/\\\/www.apras.org\\\/#website\"},\"primaryImageOfPage\":{\"@id\":\"https:\\\/\\\/www.apras.org\\\/stands-information-sortir-cet-ete-a-rennes\\\/#primaryimage\"},\"image\":{\"@id\":\"https:\\\/\\\/www.apras.org\\\/stands-information-sortir-cet-ete-a-rennes\\\/#primaryimage\"},\"thumbnailUrl\":\"https:\\\/\\\/www.apras.org\\\/wp-content\\\/uploads\\\/2022\\\/07\\\/carroussel-sortir_cet_ete_a_rennes_sortir_site_apras-1.png\",\"datePublished\":\"2022-07-12T11:48:10+00:00\",\"dateModified\":\"2022-08-18T11:45:57+00:00\",\"breadcrumb\":{\"@id\":\"https:\\\/\\\/www.apras.org\\\/stands-information-sortir-cet-ete-a-rennes\\\/#breadcrumb\"},\"inLanguage\":\"en-US\",\"potentialAction\":[{\"@type\":\"ReadAction\",\"target\":[\"https:\\\/\\\/www.apras.org\\\/stands-information-sortir-cet-ete-a-rennes\\\/\"]}]},{\"@type\":\"ImageObject\",\"inLanguage\":\"en-US\",\"@id\":\"https:\\\/\\\/www.apras.org\\\/stands-information-sortir-cet-ete-a-rennes\\\/#primaryimage\",\"url\":\"https:\\\/\\\/www.apras.org\\\/wp-content\\\/uploads\\\/2022\\\/07\\\/carroussel-sortir_cet_ete_a_rennes_sortir_site_apras-1.png\",\"contentUrl\":\"https:\\\/\\\/www.apras.org\\\/wp-content\\\/uploads\\\/2022\\\/07\\\/carroussel-sortir_cet_ete_a_rennes_sortir_site_apras-1.png\",\"width\":5528,\"height\":3024},{\"@type\":\"BreadcrumbList\",\"@id\":\"https:\\\/\\\/www.apras.org\\\/stands-information-sortir-cet-ete-a-rennes\\\/#breadcrumb\",\"itemListElement\":[{\"@type\":\"ListItem\",\"position\":1,\"name\":\"Accueil\",\"item\":\"https:\\\/\\\/www.apras.org\\\/\"},{\"@type\":\"ListItem\",\"position\":2,\"name\":\"Retrouvez des stands d&#8217;information Sortir ! cet \u00e9t\u00e9 !\"}]},{\"@type\":\"WebSite\",\"@id\":\"https:\\\/\\\/www.apras.org\\\/#website\",\"url\":\"https:\\\/\\\/www.apras.org\\\/\",\"name\":\"APRAS\",\"description\":\"Le social partag\u00e9\",\"publisher\":{\"@id\":\"https:\\\/\\\/www.apras.org\\\/#organization\"},\"potentialAction\":[{\"@type\":\"SearchAction\",\"target\":{\"@type\":\"EntryPoint\",\"urlTemplate\":\"https:\\\/\\\/www.apras.org\\\/?s={search_term_string}\"},\"query-input\":{\"@type\":\"PropertyValueSpecification\",\"valueRequired\":true,\"valueName\":\"search_term_string\"}}],\"inLanguage\":\"en-US\"},{\"@type\":\"Organization\",\"@id\":\"https:\\\/\\\/www.apras.org\\\/#organization\",\"name\":\"APRAS\",\"url\":\"https:\\\/\\\/www.apras.org\\\/\",\"logo\":{\"@type\":\"ImageObject\",\"inLanguage\":\"en-US\",\"@id\":\"https:\\\/\\\/www.apras.org\\\/#\\\/schema\\\/logo\\\/image\\\/\",\"url\":\"https:\\\/\\\/www.apras.org\\\/wp-content\\\/uploads\\\/2020\\\/12\\\/logo-apras.svg\",\"contentUrl\":\"https:\\\/\\\/www.apras.org\\\/wp-content\\\/uploads\\\/2020\\\/12\\\/logo-apras.svg\",\"width\":1,\"height\":1,\"caption\":\"APRAS\"},\"image\":{\"@id\":\"https:\\\/\\\/www.apras.org\\\/#\\\/schema\\\/logo\\\/image\\\/\"}},{\"@type\":\"Person\",\"@id\":\"https:\\\/\\\/www.apras.org\\\/#\\\/schema\\\/person\\\/158ae8c60528a517e3b63eed972b92d3\",\"name\":\"Anne-Gaelle\",\"image\":{\"@type\":\"ImageObject\",\"inLanguage\":\"en-US\",\"@id\":\"https:\\\/\\\/secure.gravatar.com\\\/avatar\\\/a5103329963f1ffc4164be450b0c377a858f824b26fc826903487a0ff233cb12?s=96&d=mm&r=g\",\"url\":\"https:\\\/\\\/secure.gravatar.com\\\/avatar\\\/a5103329963f1ffc4164be450b0c377a858f824b26fc826903487a0ff233cb12?s=96&d=mm&r=g\",\"contentUrl\":\"https:\\\/\\\/secure.gravatar.com\\\/avatar\\\/a5103329963f1ffc4164be450b0c377a858f824b26fc826903487a0ff233cb12?s=96&d=mm&r=g\",\"caption\":\"Anne-Gaelle\"}}]}<\/script>\n<!-- \/ Yoast SEO plugin. -->","yoast_head_json":{"title":"Retrouvez des stands d'information Sortir ! cet \u00e9t\u00e9 ! - APRAS","robots":{"index":"index","follow":"follow","max-snippet":"max-snippet:-1","max-image-preview":"max-image-preview:large","max-video-preview":"max-video-preview:-1"},"canonical":"https:\/\/www.apras.org\/stands-information-sortir-cet-ete-a-rennes\/","og_locale":"en_US","og_type":"article","og_title":"Retrouvez des stands d'information Sortir ! cet \u00e9t\u00e9 ! - APRAS","og_description":"Retrouvez des stands d&#8217;information sur de nombreux temps forts de&nbsp;Cet \u00e9t\u00e9 \u00e0 Rennes&nbsp;afin de favoriser l&#8217;\u00e9change et la d\u00e9couverte&nbsp;du dispositif&nbsp;Sortir !&nbsp; Vous pouvez nous retrouver en Juillet* : Baud-Chardonnet &#8211;&nbsp;Plages de Baud :&nbsp;Vendredi 8 Juillet &#8211; 14h \u00e0 20h Colombier &#8211;&nbsp;Au Square du Pr\u00e9 Perch\u00e9 :&nbsp;Mardi 12 Juillet &#8211; 15h \u00e0 21h Blosne &#8211; Rallye [&hellip;]","og_url":"https:\/\/www.apras.org\/stands-information-sortir-cet-ete-a-rennes\/","og_site_name":"APRAS","article_published_time":"2022-07-12T11:48:10+00:00","article_modified_time":"2022-08-18T11:45:57+00:00","og_image":[{"width":5528,"height":3024,"url":"https:\/\/www.apras.org\/wp-content\/uploads\/2022\/07\/carroussel-sortir_cet_ete_a_rennes_sortir_site_apras-1.png","type":"image\/png"}],"author":"Anne-Gaelle","twitter_card":"summary_large_image","twitter_misc":{"Written by":"Anne-Gaelle","Est. reading time":"3 minutes"},"schema":{"@context":"https:\/\/schema.org","@graph":[{"@type":"Article","@id":"https:\/\/www.apras.org\/stands-information-sortir-cet-ete-a-rennes\/#article","isPartOf":{"@id":"https:\/\/www.apras.org\/stands-information-sortir-cet-ete-a-rennes\/"},"author":{"name":"Anne-Gaelle","@id":"https:\/\/www.apras.org\/#\/schema\/person\/158ae8c60528a517e3b63eed972b92d3"},"headline":"Retrouvez des stands d&#8217;information Sortir ! cet \u00e9t\u00e9 !","datePublished":"2022-07-12T11:48:10+00:00","dateModified":"2022-08-18T11:45:57+00:00","mainEntityOfPage":{"@id":"https:\/\/www.apras.org\/stands-information-sortir-cet-ete-a-rennes\/"},"wordCount":487,"publisher":{"@id":"https:\/\/www.apras.org\/#organization"},"image":{"@id":"https:\/\/www.apras.org\/stands-information-sortir-cet-ete-a-rennes\/#primaryimage"},"thumbnailUrl":"https:\/\/www.apras.org\/wp-content\/uploads\/2022\/07\/carroussel-sortir_cet_ete_a_rennes_sortir_site_apras-1.png","articleSection":["Non classifi\u00e9(e)"],"inLanguage":"en-US"},{"@type":"WebPage","@id":"https:\/\/www.apras.org\/stands-information-sortir-cet-ete-a-rennes\/","url":"https:\/\/www.apras.org\/stands-information-sortir-cet-ete-a-rennes\/","name":"Retrouvez des stands d'information Sortir ! cet \u00e9t\u00e9 ! - APRAS","isPartOf":{"@id":"https:\/\/www.apras.org\/#website"},"primaryImageOfPage":{"@id":"https:\/\/www.apras.org\/stands-information-sortir-cet-ete-a-rennes\/#primaryimage"},"image":{"@id":"https:\/\/www.apras.org\/stands-information-sortir-cet-ete-a-rennes\/#primaryimage"},"thumbnailUrl":"https:\/\/www.apras.org\/wp-content\/uploads\/2022\/07\/carroussel-sortir_cet_ete_a_rennes_sortir_site_apras-1.png","datePublished":"2022-07-12T11:48:10+00:00","dateModified":"2022-08-18T11:45:57+00:00","breadcrumb":{"@id":"https:\/\/www.apras.org\/stands-information-sortir-cet-ete-a-rennes\/#breadcrumb"},"inLanguage":"en-US","potentialAction":[{"@type":"ReadAction","target":["https:\/\/www.apras.org\/stands-information-sortir-cet-ete-a-rennes\/"]}]},{"@type":"ImageObject","inLanguage":"en-US","@id":"https:\/\/www.apras.org\/stands-information-sortir-cet-ete-a-rennes\/#primaryimage","url":"https:\/\/www.apras.org\/wp-content\/uploads\/2022\/07\/carroussel-sortir_cet_ete_a_rennes_sortir_site_apras-1.png","contentUrl":"https:\/\/www.apras.org\/wp-content\/uploads\/2022\/07\/carroussel-sortir_cet_ete_a_rennes_sortir_site_apras-1.png","width":5528,"height":3024},{"@type":"BreadcrumbList","@id":"https:\/\/www.apras.org\/stands-information-sortir-cet-ete-a-rennes\/#breadcrumb","itemListElement":[{"@type":"ListItem","position":1,"name":"Accueil","item":"https:\/\/www.apras.org\/"},{"@type":"ListItem","position":2,"name":"Retrouvez des stands d&#8217;information Sortir ! cet \u00e9t\u00e9 !"}]},{"@type":"WebSite","@id":"https:\/\/www.apras.org\/#website","url":"https:\/\/www.apras.org\/","name":"APRAS","description":"Le social partag\u00e9","publisher":{"@id":"https:\/\/www.apras.org\/#organization"},"potentialAction":[{"@type":"SearchAction","target":{"@type":"EntryPoint","urlTemplate":"https:\/\/www.apras.org\/?s={search_term_string}"},"query-input":{"@type":"PropertyValueSpecification","valueRequired":true,"valueName":"search_term_string"}}],"inLanguage":"en-US"},{"@type":"Organization","@id":"https:\/\/www.apras.org\/#organization","name":"APRAS","url":"https:\/\/www.apras.org\/","logo":{"@type":"ImageObject","inLanguage":"en-US","@id":"https:\/\/www.apras.org\/#\/schema\/logo\/image\/","url":"https:\/\/www.apras.org\/wp-content\/uploads\/2020\/12\/logo-apras.svg","contentUrl":"https:\/\/www.apras.org\/wp-content\/uploads\/2020\/12\/logo-apras.svg","width":1,"height":1,"caption":"APRAS"},"image":{"@id":"https:\/\/www.apras.org\/#\/schema\/logo\/image\/"}},{"@type":"Person","@id":"https:\/\/www.apras.org\/#\/schema\/person\/158ae8c60528a517e3b63eed972b92d3","name":"Anne-Gaelle","image":{"@type":"ImageObject","inLanguage":"en-US","@id":"https:\/\/secure.gravatar.com\/avatar\/a5103329963f1ffc4164be450b0c377a858f824b26fc826903487a0ff233cb12?s=96&d=mm&r=g","url":"https:\/\/secure.gravatar.com\/avatar\/a5103329963f1ffc4164be450b0c377a858f824b26fc826903487a0ff233cb12?s=96&d=mm&r=g","contentUrl":"https:\/\/secure.gravatar.com\/avatar\/a5103329963f1ffc4164be450b0c377a858f824b26fc826903487a0ff233cb12?s=96&d=mm&r=g","caption":"Anne-Gaelle"}}]}},"_links":{"self":[{"href":"https:\/\/www.apras.org\/en\/wp-json\/wp\/v2\/posts\/1883","targetHints":{"allow":["GET"]}}],"collection":[{"href":"https:\/\/www.apras.org\/en\/wp-json\/wp\/v2\/posts"}],"about":[{"href":"https:\/\/www.apras.org\/en\/wp-json\/wp\/v2\/types\/post"}],"author":[{"embeddable":true,"href":"https:\/\/www.apras.org\/en\/wp-json\/wp\/v2\/users\/2"}],"replies":[{"embeddable":true,"href":"https:\/\/www.apras.org\/en\/wp-json\/wp\/v2\/comments?post=1883"}],"version-history":[{"count":5,"href":"https:\/\/www.apras.org\/en\/wp-json\/wp\/v2\/posts\/1883\/revisions"}],"predecessor-version":[{"id":1923,"href":"https:\/\/www.apras.org\/en\/wp-json\/wp\/v2\/posts\/1883\/revisions\/1923"}],"wp:featuredmedia":[{"embeddable":true,"href":"https:\/\/www.apras.org\/en\/wp-json\/wp\/v2\/media\/1891"}],"wp:attachment":[{"href":"https:\/\/www.apras.org\/en\/wp-json\/wp\/v2\/media?parent=1883"}],"wp:term":[{"taxonomy":"category","embeddable":true,"href":"https:\/\/www.apras.org\/en\/wp-json\/wp\/v2\/categories?post=1883"},{"taxonomy":"post_tag","embeddable":true,"href":"https:\/\/www.apras.org\/en\/wp-json\/wp\/v2\/tags?post=1883"}],"curies":[{"name":"wp","href":"https:\/\/api.w.org\/{rel}","templated":true}]}}