{"id":3251,"date":"2025-10-27T10:47:01","date_gmt":"2025-10-27T09:47:01","guid":{"rendered":"https:\/\/www.apras.org\/?p=3251"},"modified":"2025-10-27T10:50:12","modified_gmt":"2025-10-27T09:50:12","slug":"une-rencontre-sur-la-redynamisation-des-rez-de-chaussees-des-immeubles-hlm-dans-les-quartiers-prioritaires","status":"publish","type":"post","link":"https:\/\/www.apras.org\/en\/une-rencontre-sur-la-redynamisation-des-rez-de-chaussees-des-immeubles-hlm-dans-les-quartiers-prioritaires\/","title":{"rendered":"Rencontre sur la redynamisation des rez-de-chauss\u00e9es des immeubles HLM dans les quartiers prioritaires"},"content":{"rendered":"\n<p><strong>L\u2019USH (Union Sociale Habitat)<\/strong> et la <strong>Banque des Territoires <\/strong>ont organis\u00e9 le <strong>16 octobre<\/strong> une matin\u00e9e th\u00e9matique sur la <strong>redynamisation des rez-de-chauss\u00e9es des immeubles HLM<\/strong> <strong>dans les quartiers prioritaires.<\/strong><\/p>\n\n\n\n<p>Plusieurs exp\u00e9riences ont \u00e9t\u00e9 mises en avant, dont l\u2019exemple de l\u2019APRAS \u00e0 Rennes.<\/p>\n\n\n\n<p><strong>3 repr\u00e9sentantes de l\u2019APRAS<\/strong> <strong>ont t\u00e9moign\u00e9\u00a0:<\/strong> <strong>Rozenn ANDRO<\/strong>\u00a0<em>(\u00e9lue adjointe d\u00e9l\u00e9gu\u00e9e \u00e0 la Vie associative,\u00a0membre du Bureau de l\u2019APRAS)<\/em>,<strong> Fanny DAVEN\u00c9<\/strong>\u00a0<em>(Directrice du Territoire Bretillien,\u00a0Espacil Habitat, membre du Conseil d\u2019Administration de l\u2019APRAS)<\/em>\u00a0et <strong>Marick LEMOINE<\/strong>\u00a0<em>(Responsable du p\u00f4le Animation Sociale, salari\u00e9e de l\u2019APRAS).<\/em><\/p>\n\n\n\n<p><strong>Retrouvez ci-dessous la rediffusion de cette matin\u00e9e<\/strong> :<\/p>\n\n\n\n<figure class=\"wp-block-embed aligncenter is-type-video is-provider-youtube wp-block-embed-youtube wp-embed-aspect-16-9 wp-has-aspect-ratio\"><div class=\"wp-block-embed__wrapper\">\n<iframe title=\"La redynamisation des RDC des bailleurs sociaux : quelles r\u00e9ponses dans les QPV ?\" width=\"500\" height=\"281\" data-src=\"https:\/\/www.youtube.com\/embed\/EpLwQB3xXZQ?feature=oembed\" frameborder=\"0\" allow=\"accelerometer; autoplay; clipboard-write; encrypted-media; gyroscope; picture-in-picture; web-share\" referrerpolicy=\"strict-origin-when-cross-origin\" allowfullscreen src=\"data:image\/svg+xml;base64,PHN2ZyB3aWR0aD0iMSIgaGVpZ2h0PSIxIiB4bWxucz0iaHR0cDovL3d3dy53My5vcmcvMjAwMC9zdmciPjwvc3ZnPg==\" class=\"lazyload\" data-load-mode=\"1\"><\/iframe>\n<\/div><\/figure>\n\n\n\n<p><\/p>\n\n\n<div class=\"wp-block-image\">\n<figure class=\"alignleft size-full is-resized\"><img decoding=\"async\" width=\"1040\" height=\"736\" data-src=\"https:\/\/www.apras.org\/wp-content\/uploads\/2025\/10\/GAB-A4_PAYSAGE-PICTOS-16.10.25.png-1.jpg\" alt=\"\" class=\"wp-image-3252 lazyload\" style=\"--smush-placeholder-width: 1040px; --smush-placeholder-aspect-ratio: 1040\/736;width:506px;height:auto\" data-srcset=\"https:\/\/www.apras.org\/wp-content\/uploads\/2025\/10\/GAB-A4_PAYSAGE-PICTOS-16.10.25.png-1.jpg 1040w, https:\/\/www.apras.org\/wp-content\/uploads\/2025\/10\/GAB-A4_PAYSAGE-PICTOS-16.10.25.png-1-424x300.jpg 424w\" data-sizes=\"(max-width: 1040px) 100vw, 1040px\" src=\"data:image\/svg+xml;base64,PHN2ZyB3aWR0aD0iMSIgaGVpZ2h0PSIxIiB4bWxucz0iaHR0cDovL3d3dy53My5vcmcvMjAwMC9zdmciPjwvc3ZnPg==\" \/><\/figure>\n<\/div>","protected":false},"excerpt":{"rendered":"<p>L\u2019USH (Union Sociale Habitat) et la Banque des Territoires ont organis\u00e9 le 16 octobre une matin\u00e9e th\u00e9matique sur la redynamisation des rez-de-chauss\u00e9es des immeubles HLM dans les quartiers prioritaires. Plusieurs exp\u00e9riences ont \u00e9t\u00e9 mises en avant, dont l\u2019exemple de l\u2019APRAS \u00e0 Rennes. 3 repr\u00e9sentantes de l\u2019APRAS ont t\u00e9moign\u00e9\u00a0: Rozenn ANDRO\u00a0(\u00e9lue adjointe d\u00e9l\u00e9gu\u00e9e \u00e0 la Vie [&hellip;]<\/p>\n","protected":false},"author":4,"featured_media":3252,"comment_status":"closed","ping_status":"closed","sticky":false,"template":"","format":"standard","meta":{"_acf_changed":false,"footnotes":""},"categories":[1],"tags":[],"class_list":["post-3251","post","type-post","status-publish","format-standard","has-post-thumbnail","hentry","category-non-classifiee"],"acf":[],"yoast_head":"<!-- This site is optimized with the Yoast SEO plugin v27.3 - https:\/\/yoast.com\/product\/yoast-seo-wordpress\/ -->\n<title>Rencontre sur la redynamisation des rez-de-chauss\u00e9es des immeubles HLM dans les quartiers prioritaires - APRAS<\/title>\n<meta name=\"robots\" content=\"index, follow, max-snippet:-1, max-image-preview:large, max-video-preview:-1\" \/>\n<link rel=\"canonical\" href=\"https:\/\/www.apras.org\/une-rencontre-sur-la-redynamisation-des-rez-de-chaussees-des-immeubles-hlm-dans-les-quartiers-prioritaires\/\" \/>\n<meta property=\"og:locale\" content=\"en_US\" \/>\n<meta property=\"og:type\" content=\"article\" \/>\n<meta property=\"og:title\" content=\"Rencontre sur la redynamisation des rez-de-chauss\u00e9es des immeubles HLM dans les quartiers prioritaires - APRAS\" \/>\n<meta property=\"og:description\" content=\"L\u2019USH (Union Sociale Habitat) et la Banque des Territoires ont organis\u00e9 le 16 octobre une matin\u00e9e th\u00e9matique sur la redynamisation des rez-de-chauss\u00e9es des immeubles HLM dans les quartiers prioritaires. Plusieurs exp\u00e9riences ont \u00e9t\u00e9 mises en avant, dont l\u2019exemple de l\u2019APRAS \u00e0 Rennes. 3 repr\u00e9sentantes de l\u2019APRAS ont t\u00e9moign\u00e9\u00a0: Rozenn ANDRO\u00a0(\u00e9lue adjointe d\u00e9l\u00e9gu\u00e9e \u00e0 la Vie [&hellip;]\" \/>\n<meta property=\"og:url\" content=\"https:\/\/www.apras.org\/une-rencontre-sur-la-redynamisation-des-rez-de-chaussees-des-immeubles-hlm-dans-les-quartiers-prioritaires\/\" \/>\n<meta property=\"og:site_name\" content=\"APRAS\" \/>\n<meta property=\"article:published_time\" content=\"2025-10-27T09:47:01+00:00\" \/>\n<meta property=\"article:modified_time\" content=\"2025-10-27T09:50:12+00:00\" \/>\n<meta property=\"og:image\" content=\"https:\/\/www.apras.org\/wp-content\/uploads\/2025\/10\/GAB-A4_PAYSAGE-PICTOS-16.10.25.png-1.jpg\" \/>\n\t<meta property=\"og:image:width\" content=\"1040\" \/>\n\t<meta property=\"og:image:height\" content=\"736\" \/>\n\t<meta property=\"og:image:type\" content=\"image\/jpeg\" \/>\n<meta name=\"author\" content=\"Quentin\" \/>\n<meta name=\"twitter:card\" content=\"summary_large_image\" \/>\n<meta name=\"twitter:label1\" content=\"Written by\" \/>\n\t<meta name=\"twitter:data1\" content=\"Quentin\" \/>\n\t<meta name=\"twitter:label2\" content=\"Est. reading time\" \/>\n\t<meta name=\"twitter:data2\" content=\"1 minute\" \/>\n<script type=\"application\/ld+json\" class=\"yoast-schema-graph\">{\"@context\":\"https:\\\/\\\/schema.org\",\"@graph\":[{\"@type\":\"Article\",\"@id\":\"https:\\\/\\\/www.apras.org\\\/une-rencontre-sur-la-redynamisation-des-rez-de-chaussees-des-immeubles-hlm-dans-les-quartiers-prioritaires\\\/#article\",\"isPartOf\":{\"@id\":\"https:\\\/\\\/www.apras.org\\\/une-rencontre-sur-la-redynamisation-des-rez-de-chaussees-des-immeubles-hlm-dans-les-quartiers-prioritaires\\\/\"},\"author\":{\"name\":\"Quentin\",\"@id\":\"https:\\\/\\\/www.apras.org\\\/#\\\/schema\\\/person\\\/9b6a5dd7069d70eeaba3db8d7065869c\"},\"headline\":\"Rencontre sur la redynamisation des rez-de-chauss\u00e9es des immeubles HLM dans les quartiers prioritaires\",\"datePublished\":\"2025-10-27T09:47:01+00:00\",\"dateModified\":\"2025-10-27T09:50:12+00:00\",\"mainEntityOfPage\":{\"@id\":\"https:\\\/\\\/www.apras.org\\\/une-rencontre-sur-la-redynamisation-des-rez-de-chaussees-des-immeubles-hlm-dans-les-quartiers-prioritaires\\\/\"},\"wordCount\":132,\"publisher\":{\"@id\":\"https:\\\/\\\/www.apras.org\\\/#organization\"},\"image\":{\"@id\":\"https:\\\/\\\/www.apras.org\\\/une-rencontre-sur-la-redynamisation-des-rez-de-chaussees-des-immeubles-hlm-dans-les-quartiers-prioritaires\\\/#primaryimage\"},\"thumbnailUrl\":\"https:\\\/\\\/www.apras.org\\\/wp-content\\\/uploads\\\/2025\\\/10\\\/GAB-A4_PAYSAGE-PICTOS-16.10.25.png-1.jpg\",\"articleSection\":[\"Non classifi\u00e9(e)\"],\"inLanguage\":\"en-US\"},{\"@type\":\"WebPage\",\"@id\":\"https:\\\/\\\/www.apras.org\\\/une-rencontre-sur-la-redynamisation-des-rez-de-chaussees-des-immeubles-hlm-dans-les-quartiers-prioritaires\\\/\",\"url\":\"https:\\\/\\\/www.apras.org\\\/une-rencontre-sur-la-redynamisation-des-rez-de-chaussees-des-immeubles-hlm-dans-les-quartiers-prioritaires\\\/\",\"name\":\"Rencontre sur la redynamisation des rez-de-chauss\u00e9es des immeubles HLM dans les quartiers prioritaires - APRAS\",\"isPartOf\":{\"@id\":\"https:\\\/\\\/www.apras.org\\\/#website\"},\"primaryImageOfPage\":{\"@id\":\"https:\\\/\\\/www.apras.org\\\/une-rencontre-sur-la-redynamisation-des-rez-de-chaussees-des-immeubles-hlm-dans-les-quartiers-prioritaires\\\/#primaryimage\"},\"image\":{\"@id\":\"https:\\\/\\\/www.apras.org\\\/une-rencontre-sur-la-redynamisation-des-rez-de-chaussees-des-immeubles-hlm-dans-les-quartiers-prioritaires\\\/#primaryimage\"},\"thumbnailUrl\":\"https:\\\/\\\/www.apras.org\\\/wp-content\\\/uploads\\\/2025\\\/10\\\/GAB-A4_PAYSAGE-PICTOS-16.10.25.png-1.jpg\",\"datePublished\":\"2025-10-27T09:47:01+00:00\",\"dateModified\":\"2025-10-27T09:50:12+00:00\",\"breadcrumb\":{\"@id\":\"https:\\\/\\\/www.apras.org\\\/une-rencontre-sur-la-redynamisation-des-rez-de-chaussees-des-immeubles-hlm-dans-les-quartiers-prioritaires\\\/#breadcrumb\"},\"inLanguage\":\"en-US\",\"potentialAction\":[{\"@type\":\"ReadAction\",\"target\":[\"https:\\\/\\\/www.apras.org\\\/une-rencontre-sur-la-redynamisation-des-rez-de-chaussees-des-immeubles-hlm-dans-les-quartiers-prioritaires\\\/\"]}]},{\"@type\":\"ImageObject\",\"inLanguage\":\"en-US\",\"@id\":\"https:\\\/\\\/www.apras.org\\\/une-rencontre-sur-la-redynamisation-des-rez-de-chaussees-des-immeubles-hlm-dans-les-quartiers-prioritaires\\\/#primaryimage\",\"url\":\"https:\\\/\\\/www.apras.org\\\/wp-content\\\/uploads\\\/2025\\\/10\\\/GAB-A4_PAYSAGE-PICTOS-16.10.25.png-1.jpg\",\"contentUrl\":\"https:\\\/\\\/www.apras.org\\\/wp-content\\\/uploads\\\/2025\\\/10\\\/GAB-A4_PAYSAGE-PICTOS-16.10.25.png-1.jpg\",\"width\":1040,\"height\":736},{\"@type\":\"BreadcrumbList\",\"@id\":\"https:\\\/\\\/www.apras.org\\\/une-rencontre-sur-la-redynamisation-des-rez-de-chaussees-des-immeubles-hlm-dans-les-quartiers-prioritaires\\\/#breadcrumb\",\"itemListElement\":[{\"@type\":\"ListItem\",\"position\":1,\"name\":\"Accueil\",\"item\":\"https:\\\/\\\/www.apras.org\\\/\"},{\"@type\":\"ListItem\",\"position\":2,\"name\":\"Rencontre sur la redynamisation des rez-de-chauss\u00e9es des immeubles HLM dans les quartiers prioritaires\"}]},{\"@type\":\"WebSite\",\"@id\":\"https:\\\/\\\/www.apras.org\\\/#website\",\"url\":\"https:\\\/\\\/www.apras.org\\\/\",\"name\":\"APRAS\",\"description\":\"Le social partag\u00e9\",\"publisher\":{\"@id\":\"https:\\\/\\\/www.apras.org\\\/#organization\"},\"potentialAction\":[{\"@type\":\"SearchAction\",\"target\":{\"@type\":\"EntryPoint\",\"urlTemplate\":\"https:\\\/\\\/www.apras.org\\\/?s={search_term_string}\"},\"query-input\":{\"@type\":\"PropertyValueSpecification\",\"valueRequired\":true,\"valueName\":\"search_term_string\"}}],\"inLanguage\":\"en-US\"},{\"@type\":\"Organization\",\"@id\":\"https:\\\/\\\/www.apras.org\\\/#organization\",\"name\":\"APRAS\",\"url\":\"https:\\\/\\\/www.apras.org\\\/\",\"logo\":{\"@type\":\"ImageObject\",\"inLanguage\":\"en-US\",\"@id\":\"https:\\\/\\\/www.apras.org\\\/#\\\/schema\\\/logo\\\/image\\\/\",\"url\":\"https:\\\/\\\/www.apras.org\\\/wp-content\\\/uploads\\\/2020\\\/12\\\/logo-apras.svg\",\"contentUrl\":\"https:\\\/\\\/www.apras.org\\\/wp-content\\\/uploads\\\/2020\\\/12\\\/logo-apras.svg\",\"width\":1,\"height\":1,\"caption\":\"APRAS\"},\"image\":{\"@id\":\"https:\\\/\\\/www.apras.org\\\/#\\\/schema\\\/logo\\\/image\\\/\"}},{\"@type\":\"Person\",\"@id\":\"https:\\\/\\\/www.apras.org\\\/#\\\/schema\\\/person\\\/9b6a5dd7069d70eeaba3db8d7065869c\",\"name\":\"Quentin\",\"image\":{\"@type\":\"ImageObject\",\"inLanguage\":\"en-US\",\"@id\":\"https:\\\/\\\/secure.gravatar.com\\\/avatar\\\/eeb5c516a799ca6a453ce22710d60825e9403c42dc7d1ea64de31d285f13667a?s=96&d=mm&r=g\",\"url\":\"https:\\\/\\\/secure.gravatar.com\\\/avatar\\\/eeb5c516a799ca6a453ce22710d60825e9403c42dc7d1ea64de31d285f13667a?s=96&d=mm&r=g\",\"contentUrl\":\"https:\\\/\\\/secure.gravatar.com\\\/avatar\\\/eeb5c516a799ca6a453ce22710d60825e9403c42dc7d1ea64de31d285f13667a?s=96&d=mm&r=g\",\"caption\":\"Quentin\"}}]}<\/script>\n<!-- \/ Yoast SEO plugin. -->","yoast_head_json":{"title":"Rencontre sur la redynamisation des rez-de-chauss\u00e9es des immeubles HLM dans les quartiers prioritaires - APRAS","robots":{"index":"index","follow":"follow","max-snippet":"max-snippet:-1","max-image-preview":"max-image-preview:large","max-video-preview":"max-video-preview:-1"},"canonical":"https:\/\/www.apras.org\/une-rencontre-sur-la-redynamisation-des-rez-de-chaussees-des-immeubles-hlm-dans-les-quartiers-prioritaires\/","og_locale":"en_US","og_type":"article","og_title":"Rencontre sur la redynamisation des rez-de-chauss\u00e9es des immeubles HLM dans les quartiers prioritaires - APRAS","og_description":"L\u2019USH (Union Sociale Habitat) et la Banque des Territoires ont organis\u00e9 le 16 octobre une matin\u00e9e th\u00e9matique sur la redynamisation des rez-de-chauss\u00e9es des immeubles HLM dans les quartiers prioritaires. Plusieurs exp\u00e9riences ont \u00e9t\u00e9 mises en avant, dont l\u2019exemple de l\u2019APRAS \u00e0 Rennes. 3 repr\u00e9sentantes de l\u2019APRAS ont t\u00e9moign\u00e9\u00a0: Rozenn ANDRO\u00a0(\u00e9lue adjointe d\u00e9l\u00e9gu\u00e9e \u00e0 la Vie [&hellip;]","og_url":"https:\/\/www.apras.org\/une-rencontre-sur-la-redynamisation-des-rez-de-chaussees-des-immeubles-hlm-dans-les-quartiers-prioritaires\/","og_site_name":"APRAS","article_published_time":"2025-10-27T09:47:01+00:00","article_modified_time":"2025-10-27T09:50:12+00:00","og_image":[{"width":1040,"height":736,"url":"https:\/\/www.apras.org\/wp-content\/uploads\/2025\/10\/GAB-A4_PAYSAGE-PICTOS-16.10.25.png-1.jpg","type":"image\/jpeg"}],"author":"Quentin","twitter_card":"summary_large_image","twitter_misc":{"Written by":"Quentin","Est. reading time":"1 minute"},"schema":{"@context":"https:\/\/schema.org","@graph":[{"@type":"Article","@id":"https:\/\/www.apras.org\/une-rencontre-sur-la-redynamisation-des-rez-de-chaussees-des-immeubles-hlm-dans-les-quartiers-prioritaires\/#article","isPartOf":{"@id":"https:\/\/www.apras.org\/une-rencontre-sur-la-redynamisation-des-rez-de-chaussees-des-immeubles-hlm-dans-les-quartiers-prioritaires\/"},"author":{"name":"Quentin","@id":"https:\/\/www.apras.org\/#\/schema\/person\/9b6a5dd7069d70eeaba3db8d7065869c"},"headline":"Rencontre sur la redynamisation des rez-de-chauss\u00e9es des immeubles HLM dans les quartiers prioritaires","datePublished":"2025-10-27T09:47:01+00:00","dateModified":"2025-10-27T09:50:12+00:00","mainEntityOfPage":{"@id":"https:\/\/www.apras.org\/une-rencontre-sur-la-redynamisation-des-rez-de-chaussees-des-immeubles-hlm-dans-les-quartiers-prioritaires\/"},"wordCount":132,"publisher":{"@id":"https:\/\/www.apras.org\/#organization"},"image":{"@id":"https:\/\/www.apras.org\/une-rencontre-sur-la-redynamisation-des-rez-de-chaussees-des-immeubles-hlm-dans-les-quartiers-prioritaires\/#primaryimage"},"thumbnailUrl":"https:\/\/www.apras.org\/wp-content\/uploads\/2025\/10\/GAB-A4_PAYSAGE-PICTOS-16.10.25.png-1.jpg","articleSection":["Non classifi\u00e9(e)"],"inLanguage":"en-US"},{"@type":"WebPage","@id":"https:\/\/www.apras.org\/une-rencontre-sur-la-redynamisation-des-rez-de-chaussees-des-immeubles-hlm-dans-les-quartiers-prioritaires\/","url":"https:\/\/www.apras.org\/une-rencontre-sur-la-redynamisation-des-rez-de-chaussees-des-immeubles-hlm-dans-les-quartiers-prioritaires\/","name":"Rencontre sur la redynamisation des rez-de-chauss\u00e9es des immeubles HLM dans les quartiers prioritaires - APRAS","isPartOf":{"@id":"https:\/\/www.apras.org\/#website"},"primaryImageOfPage":{"@id":"https:\/\/www.apras.org\/une-rencontre-sur-la-redynamisation-des-rez-de-chaussees-des-immeubles-hlm-dans-les-quartiers-prioritaires\/#primaryimage"},"image":{"@id":"https:\/\/www.apras.org\/une-rencontre-sur-la-redynamisation-des-rez-de-chaussees-des-immeubles-hlm-dans-les-quartiers-prioritaires\/#primaryimage"},"thumbnailUrl":"https:\/\/www.apras.org\/wp-content\/uploads\/2025\/10\/GAB-A4_PAYSAGE-PICTOS-16.10.25.png-1.jpg","datePublished":"2025-10-27T09:47:01+00:00","dateModified":"2025-10-27T09:50:12+00:00","breadcrumb":{"@id":"https:\/\/www.apras.org\/une-rencontre-sur-la-redynamisation-des-rez-de-chaussees-des-immeubles-hlm-dans-les-quartiers-prioritaires\/#breadcrumb"},"inLanguage":"en-US","potentialAction":[{"@type":"ReadAction","target":["https:\/\/www.apras.org\/une-rencontre-sur-la-redynamisation-des-rez-de-chaussees-des-immeubles-hlm-dans-les-quartiers-prioritaires\/"]}]},{"@type":"ImageObject","inLanguage":"en-US","@id":"https:\/\/www.apras.org\/une-rencontre-sur-la-redynamisation-des-rez-de-chaussees-des-immeubles-hlm-dans-les-quartiers-prioritaires\/#primaryimage","url":"https:\/\/www.apras.org\/wp-content\/uploads\/2025\/10\/GAB-A4_PAYSAGE-PICTOS-16.10.25.png-1.jpg","contentUrl":"https:\/\/www.apras.org\/wp-content\/uploads\/2025\/10\/GAB-A4_PAYSAGE-PICTOS-16.10.25.png-1.jpg","width":1040,"height":736},{"@type":"BreadcrumbList","@id":"https:\/\/www.apras.org\/une-rencontre-sur-la-redynamisation-des-rez-de-chaussees-des-immeubles-hlm-dans-les-quartiers-prioritaires\/#breadcrumb","itemListElement":[{"@type":"ListItem","position":1,"name":"Accueil","item":"https:\/\/www.apras.org\/"},{"@type":"ListItem","position":2,"name":"Rencontre sur la redynamisation des rez-de-chauss\u00e9es des immeubles HLM dans les quartiers prioritaires"}]},{"@type":"WebSite","@id":"https:\/\/www.apras.org\/#website","url":"https:\/\/www.apras.org\/","name":"APRAS","description":"Le social partag\u00e9","publisher":{"@id":"https:\/\/www.apras.org\/#organization"},"potentialAction":[{"@type":"SearchAction","target":{"@type":"EntryPoint","urlTemplate":"https:\/\/www.apras.org\/?s={search_term_string}"},"query-input":{"@type":"PropertyValueSpecification","valueRequired":true,"valueName":"search_term_string"}}],"inLanguage":"en-US"},{"@type":"Organization","@id":"https:\/\/www.apras.org\/#organization","name":"APRAS","url":"https:\/\/www.apras.org\/","logo":{"@type":"ImageObject","inLanguage":"en-US","@id":"https:\/\/www.apras.org\/#\/schema\/logo\/image\/","url":"https:\/\/www.apras.org\/wp-content\/uploads\/2020\/12\/logo-apras.svg","contentUrl":"https:\/\/www.apras.org\/wp-content\/uploads\/2020\/12\/logo-apras.svg","width":1,"height":1,"caption":"APRAS"},"image":{"@id":"https:\/\/www.apras.org\/#\/schema\/logo\/image\/"}},{"@type":"Person","@id":"https:\/\/www.apras.org\/#\/schema\/person\/9b6a5dd7069d70eeaba3db8d7065869c","name":"Quentin","image":{"@type":"ImageObject","inLanguage":"en-US","@id":"https:\/\/secure.gravatar.com\/avatar\/eeb5c516a799ca6a453ce22710d60825e9403c42dc7d1ea64de31d285f13667a?s=96&d=mm&r=g","url":"https:\/\/secure.gravatar.com\/avatar\/eeb5c516a799ca6a453ce22710d60825e9403c42dc7d1ea64de31d285f13667a?s=96&d=mm&r=g","contentUrl":"https:\/\/secure.gravatar.com\/avatar\/eeb5c516a799ca6a453ce22710d60825e9403c42dc7d1ea64de31d285f13667a?s=96&d=mm&r=g","caption":"Quentin"}}]}},"_links":{"self":[{"href":"https:\/\/www.apras.org\/en\/wp-json\/wp\/v2\/posts\/3251","targetHints":{"allow":["GET"]}}],"collection":[{"href":"https:\/\/www.apras.org\/en\/wp-json\/wp\/v2\/posts"}],"about":[{"href":"https:\/\/www.apras.org\/en\/wp-json\/wp\/v2\/types\/post"}],"author":[{"embeddable":true,"href":"https:\/\/www.apras.org\/en\/wp-json\/wp\/v2\/users\/4"}],"replies":[{"embeddable":true,"href":"https:\/\/www.apras.org\/en\/wp-json\/wp\/v2\/comments?post=3251"}],"version-history":[{"count":9,"href":"https:\/\/www.apras.org\/en\/wp-json\/wp\/v2\/posts\/3251\/revisions"}],"predecessor-version":[{"id":3273,"href":"https:\/\/www.apras.org\/en\/wp-json\/wp\/v2\/posts\/3251\/revisions\/3273"}],"wp:featuredmedia":[{"embeddable":true,"href":"https:\/\/www.apras.org\/en\/wp-json\/wp\/v2\/media\/3252"}],"wp:attachment":[{"href":"https:\/\/www.apras.org\/en\/wp-json\/wp\/v2\/media?parent=3251"}],"wp:term":[{"taxonomy":"category","embeddable":true,"href":"https:\/\/www.apras.org\/en\/wp-json\/wp\/v2\/categories?post=3251"},{"taxonomy":"post_tag","embeddable":true,"href":"https:\/\/www.apras.org\/en\/wp-json\/wp\/v2\/tags?post=3251"}],"curies":[{"name":"wp","href":"https:\/\/api.w.org\/{rel}","templated":true}]}}